{"id":982,"date":"2022-05-12T12:59:40","date_gmt":"2022-05-12T12:59:40","guid":{"rendered":"https:\/\/amstelseine.com\/?p=982"},"modified":"2022-05-12T13:01:25","modified_gmt":"2022-05-12T13:01:25","slug":"retour-au-travail-apres-une-longue-absence","status":"publish","type":"post","link":"https:\/\/amstelseine.com\/fr\/nouvelles\/retour-au-travail-apres-une-longue-absence\/","title":{"rendered":"Retour au travail apres une longue absence"},"content":{"rendered":"<p>Quand un salari\u00e9 est absent durant une certaine p\u00e9riode, il doit effectuer avant de reprendre son poste ou au plus tard dans les 8 jours suivant la reprise, une visite m\u00e9dicale de reprise chez le m\u00e9decin du travail.<\/p>\n<p>La visite de reprise est conditionn\u00e9e \u00e0 une certaine dur\u00e9e d\u2019absence et il existe diff\u00e9rents d\u00e9lais selon le motif d\u2019absence du salari\u00e9.<\/p>\n<p>Depuis le 1<sup>er<\/sup> avril 2022, ces d\u00e9lais sont les suivants\u00a0:<\/p>\n<ul>\n<li>Quand le salari\u00e9 est absent en raison d\u2019une maladie non professionnelle : la visite de reprise est obligatoire lorsque le salari\u00e9 est absent depuis au moins 60 jours cons\u00e9cutifs ;<\/li>\n<li>Quand le salari\u00e9 est absent en raison d\u2019une maladie professionnelle, le d\u00e9lai est d\u2019au moins 8 jours cons\u00e9cutifs ;<\/li>\n<li>Quand le salari\u00e9 est absent en raison d\u2019un accident du travail, le d\u00e9lai est d\u2019au moins 30 jours cons\u00e9cutifs ;<\/li>\n<li>La salari\u00e9e qui revient d\u2019un cong\u00e9 maternit\u00e9 doit toujours effectuer une visite m\u00e9dicale de reprise.<\/li>\n<\/ul>\n<p>Le M\u00e9decin du travail peut d\u00e9clarer le salari\u00e9 soit apte pour son poste, soit inapte ou apte sous r\u00e9serves.<\/p>\n<p>Dans les deux derniers cas, l\u2019employeur doit tout faire pour reclasser le salari\u00e9. En cas d\u2019impossibilit\u00e9, l\u2019employeur doit proc\u00e9der \u00e0 son licenciement.<\/p>\n","protected":false},"excerpt":{"rendered":"<p>Quand un salari\u00e9 est absent durant une certaine p\u00e9riode, il doit effectuer avant de reprendre son poste ou au plus tard dans les 8 jours suivant la reprise, une visite m\u00e9dicale de reprise chez le m\u00e9decin du travail. La visite de reprise est conditionn\u00e9e \u00e0 une certaine dur\u00e9e d\u2019absence et il existe diff\u00e9rents d\u00e9lais selon [&hellip;]<\/p>\n","protected":false},"author":8,"featured_media":979,"comment_status":"open","ping_status":"open","sticky":false,"template":"","format":"standard","meta":{"_acf_changed":false,"footnotes":""},"categories":[21],"tags":[],"class_list":["post-982","post","type-post","status-publish","format-standard","has-post-thumbnail","hentry","category-nouvelles"],"acf":[],"yoast_head":"<!-- This site is optimized with the Yoast SEO plugin v27.5 - https:\/\/yoast.com\/product\/yoast-seo-wordpress\/ -->\n<title>Retour au travail apres une longue absence - Amstel &amp; Seine<\/title>\n<meta name=\"robots\" content=\"index, follow, max-snippet:-1, max-image-preview:large, max-video-preview:-1\" \/>\n<link rel=\"canonical\" href=\"https:\/\/amstelseine.com\/fr\/nouvelles\/retour-au-travail-apres-une-longue-absence\/\" \/>\n<meta property=\"og:locale\" content=\"fr_FR\" \/>\n<meta property=\"og:type\" content=\"article\" \/>\n<meta property=\"og:title\" content=\"Retour au travail apres une longue absence - Amstel &amp; Seine\" \/>\n<meta property=\"og:description\" content=\"Quand un salari\u00e9 est absent durant une certaine p\u00e9riode, il doit effectuer avant de reprendre son poste ou au plus tard dans les 8 jours suivant la reprise, une visite m\u00e9dicale de reprise chez le m\u00e9decin du travail. La visite de reprise est conditionn\u00e9e \u00e0 une certaine dur\u00e9e d\u2019absence et il existe diff\u00e9rents d\u00e9lais selon [&hellip;]\" \/>\n<meta property=\"og:url\" content=\"https:\/\/amstelseine.com\/fr\/nouvelles\/retour-au-travail-apres-une-longue-absence\/\" \/>\n<meta property=\"og:site_name\" content=\"Amstel &amp; Seine\" \/>\n<meta property=\"article:published_time\" content=\"2022-05-12T12:59:40+00:00\" \/>\n<meta property=\"article:modified_time\" content=\"2022-05-12T13:01:25+00:00\" \/>\n<meta property=\"og:image\" content=\"https:\/\/amstelseine.com\/wp-content\/uploads\/back-to-work.jpg\" \/>\n\t<meta property=\"og:image:width\" content=\"612\" \/>\n\t<meta property=\"og:image:height\" content=\"408\" \/>\n\t<meta property=\"og:image:type\" content=\"image\/jpeg\" \/>\n<meta name=\"author\" content=\"Floris Daatselaar\" \/>\n<meta name=\"twitter:card\" content=\"summary_large_image\" \/>\n<meta name=\"twitter:label1\" content=\"\u00c9crit par\" \/>\n\t<meta name=\"twitter:data1\" content=\"Floris Daatselaar\" \/>\n\t<meta name=\"twitter:label2\" content=\"Dur\u00e9e de lecture estim\u00e9e\" \/>\n\t<meta name=\"twitter:data2\" content=\"1 minute\" \/>\n<script type=\"application\/ld+json\" class=\"yoast-schema-graph\">{\"@context\":\"https:\\\/\\\/schema.org\",\"@graph\":[{\"@type\":\"Article\",\"@id\":\"https:\\\/\\\/amstelseine.com\\\/fr\\\/nouvelles\\\/retour-au-travail-apres-une-longue-absence\\\/#article\",\"isPartOf\":{\"@id\":\"https:\\\/\\\/amstelseine.com\\\/fr\\\/nouvelles\\\/retour-au-travail-apres-une-longue-absence\\\/\"},\"author\":{\"name\":\"Floris Daatselaar\",\"@id\":\"https:\\\/\\\/amstelseine.com\\\/fr\\\/#\\\/schema\\\/person\\\/8f816dee55a9b89511734998311bdd71\"},\"headline\":\"Retour au travail apres une longue absence\",\"datePublished\":\"2022-05-12T12:59:40+00:00\",\"dateModified\":\"2022-05-12T13:01:25+00:00\",\"mainEntityOfPage\":{\"@id\":\"https:\\\/\\\/amstelseine.com\\\/fr\\\/nouvelles\\\/retour-au-travail-apres-une-longue-absence\\\/\"},\"wordCount\":221,\"commentCount\":0,\"image\":{\"@id\":\"https:\\\/\\\/amstelseine.com\\\/fr\\\/nouvelles\\\/retour-au-travail-apres-une-longue-absence\\\/#primaryimage\"},\"thumbnailUrl\":\"https:\\\/\\\/amstelseine.com\\\/wp-content\\\/uploads\\\/back-to-work.jpg\",\"articleSection\":[\"Nouvelles\"],\"inLanguage\":\"fr-FR\",\"potentialAction\":[{\"@type\":\"CommentAction\",\"name\":\"Comment\",\"target\":[\"https:\\\/\\\/amstelseine.com\\\/fr\\\/nouvelles\\\/retour-au-travail-apres-une-longue-absence\\\/#respond\"]}]},{\"@type\":\"WebPage\",\"@id\":\"https:\\\/\\\/amstelseine.com\\\/fr\\\/nouvelles\\\/retour-au-travail-apres-une-longue-absence\\\/\",\"url\":\"https:\\\/\\\/amstelseine.com\\\/fr\\\/nouvelles\\\/retour-au-travail-apres-une-longue-absence\\\/\",\"name\":\"Retour au travail apres une longue absence - Amstel &amp; Seine\",\"isPartOf\":{\"@id\":\"https:\\\/\\\/amstelseine.com\\\/fr\\\/#website\"},\"primaryImageOfPage\":{\"@id\":\"https:\\\/\\\/amstelseine.com\\\/fr\\\/nouvelles\\\/retour-au-travail-apres-une-longue-absence\\\/#primaryimage\"},\"image\":{\"@id\":\"https:\\\/\\\/amstelseine.com\\\/fr\\\/nouvelles\\\/retour-au-travail-apres-une-longue-absence\\\/#primaryimage\"},\"thumbnailUrl\":\"https:\\\/\\\/amstelseine.com\\\/wp-content\\\/uploads\\\/back-to-work.jpg\",\"datePublished\":\"2022-05-12T12:59:40+00:00\",\"dateModified\":\"2022-05-12T13:01:25+00:00\",\"author\":{\"@id\":\"https:\\\/\\\/amstelseine.com\\\/fr\\\/#\\\/schema\\\/person\\\/8f816dee55a9b89511734998311bdd71\"},\"breadcrumb\":{\"@id\":\"https:\\\/\\\/amstelseine.com\\\/fr\\\/nouvelles\\\/retour-au-travail-apres-une-longue-absence\\\/#breadcrumb\"},\"inLanguage\":\"fr-FR\",\"potentialAction\":[{\"@type\":\"ReadAction\",\"target\":[\"https:\\\/\\\/amstelseine.com\\\/fr\\\/nouvelles\\\/retour-au-travail-apres-une-longue-absence\\\/\"]}]},{\"@type\":\"ImageObject\",\"inLanguage\":\"fr-FR\",\"@id\":\"https:\\\/\\\/amstelseine.com\\\/fr\\\/nouvelles\\\/retour-au-travail-apres-une-longue-absence\\\/#primaryimage\",\"url\":\"https:\\\/\\\/amstelseine.com\\\/wp-content\\\/uploads\\\/back-to-work.jpg\",\"contentUrl\":\"https:\\\/\\\/amstelseine.com\\\/wp-content\\\/uploads\\\/back-to-work.jpg\",\"width\":612,\"height\":408,\"caption\":\"Back to work phrase in 3 pieces paper puzzle on red background. Business concept.\"},{\"@type\":\"BreadcrumbList\",\"@id\":\"https:\\\/\\\/amstelseine.com\\\/fr\\\/nouvelles\\\/retour-au-travail-apres-une-longue-absence\\\/#breadcrumb\",\"itemListElement\":[{\"@type\":\"ListItem\",\"position\":1,\"name\":\"Home\",\"item\":\"https:\\\/\\\/amstelseine.com\\\/fr\\\/\"},{\"@type\":\"ListItem\",\"position\":2,\"name\":\"Nouvelles\",\"item\":\"https:\\\/\\\/amstelseine.com\\\/fr\\\/category\\\/nouvelles\\\/\"},{\"@type\":\"ListItem\",\"position\":3,\"name\":\"Retour au travail apres une longue absence\"}]},{\"@type\":\"WebSite\",\"@id\":\"https:\\\/\\\/amstelseine.com\\\/fr\\\/#website\",\"url\":\"https:\\\/\\\/amstelseine.com\\\/fr\\\/\",\"name\":\"Amstel &amp; Seine\",\"description\":\"En nog een WordPress site\",\"potentialAction\":[{\"@type\":\"SearchAction\",\"target\":{\"@type\":\"EntryPoint\",\"urlTemplate\":\"https:\\\/\\\/amstelseine.com\\\/fr\\\/?s={search_term_string}\"},\"query-input\":{\"@type\":\"PropertyValueSpecification\",\"valueRequired\":true,\"valueName\":\"search_term_string\"}}],\"inLanguage\":\"fr-FR\"},{\"@type\":\"Person\",\"@id\":\"https:\\\/\\\/amstelseine.com\\\/fr\\\/#\\\/schema\\\/person\\\/8f816dee55a9b89511734998311bdd71\",\"name\":\"Floris Daatselaar\",\"image\":{\"@type\":\"ImageObject\",\"inLanguage\":\"fr-FR\",\"@id\":\"https:\\\/\\\/secure.gravatar.com\\\/avatar\\\/851c7f745e2b45a27495069ab2bf74e80e4c2f13ba428b8edc1ec354e49f1cc9?s=96&d=mm&r=g\",\"url\":\"https:\\\/\\\/secure.gravatar.com\\\/avatar\\\/851c7f745e2b45a27495069ab2bf74e80e4c2f13ba428b8edc1ec354e49f1cc9?s=96&d=mm&r=g\",\"contentUrl\":\"https:\\\/\\\/secure.gravatar.com\\\/avatar\\\/851c7f745e2b45a27495069ab2bf74e80e4c2f13ba428b8edc1ec354e49f1cc9?s=96&d=mm&r=g\",\"caption\":\"Floris Daatselaar\"},\"url\":\"https:\\\/\\\/amstelseine.com\\\/fr\\\/author\\\/floris\\\/\"}]}<\/script>\n<!-- \/ Yoast SEO plugin. -->","yoast_head_json":{"title":"Retour au travail apres une longue absence - Amstel &amp; Seine","robots":{"index":"index","follow":"follow","max-snippet":"max-snippet:-1","max-image-preview":"max-image-preview:large","max-video-preview":"max-video-preview:-1"},"canonical":"https:\/\/amstelseine.com\/fr\/nouvelles\/retour-au-travail-apres-une-longue-absence\/","og_locale":"fr_FR","og_type":"article","og_title":"Retour au travail apres une longue absence - Amstel &amp; Seine","og_description":"Quand un salari\u00e9 est absent durant une certaine p\u00e9riode, il doit effectuer avant de reprendre son poste ou au plus tard dans les 8 jours suivant la reprise, une visite m\u00e9dicale de reprise chez le m\u00e9decin du travail. La visite de reprise est conditionn\u00e9e \u00e0 une certaine dur\u00e9e d\u2019absence et il existe diff\u00e9rents d\u00e9lais selon [&hellip;]","og_url":"https:\/\/amstelseine.com\/fr\/nouvelles\/retour-au-travail-apres-une-longue-absence\/","og_site_name":"Amstel &amp; Seine","article_published_time":"2022-05-12T12:59:40+00:00","article_modified_time":"2022-05-12T13:01:25+00:00","og_image":[{"width":612,"height":408,"url":"https:\/\/amstelseine.com\/wp-content\/uploads\/back-to-work.jpg","type":"image\/jpeg"}],"author":"Floris Daatselaar","twitter_card":"summary_large_image","twitter_misc":{"\u00c9crit par":"Floris Daatselaar","Dur\u00e9e de lecture estim\u00e9e":"1 minute"},"schema":{"@context":"https:\/\/schema.org","@graph":[{"@type":"Article","@id":"https:\/\/amstelseine.com\/fr\/nouvelles\/retour-au-travail-apres-une-longue-absence\/#article","isPartOf":{"@id":"https:\/\/amstelseine.com\/fr\/nouvelles\/retour-au-travail-apres-une-longue-absence\/"},"author":{"name":"Floris Daatselaar","@id":"https:\/\/amstelseine.com\/fr\/#\/schema\/person\/8f816dee55a9b89511734998311bdd71"},"headline":"Retour au travail apres une longue absence","datePublished":"2022-05-12T12:59:40+00:00","dateModified":"2022-05-12T13:01:25+00:00","mainEntityOfPage":{"@id":"https:\/\/amstelseine.com\/fr\/nouvelles\/retour-au-travail-apres-une-longue-absence\/"},"wordCount":221,"commentCount":0,"image":{"@id":"https:\/\/amstelseine.com\/fr\/nouvelles\/retour-au-travail-apres-une-longue-absence\/#primaryimage"},"thumbnailUrl":"https:\/\/amstelseine.com\/wp-content\/uploads\/back-to-work.jpg","articleSection":["Nouvelles"],"inLanguage":"fr-FR","potentialAction":[{"@type":"CommentAction","name":"Comment","target":["https:\/\/amstelseine.com\/fr\/nouvelles\/retour-au-travail-apres-une-longue-absence\/#respond"]}]},{"@type":"WebPage","@id":"https:\/\/amstelseine.com\/fr\/nouvelles\/retour-au-travail-apres-une-longue-absence\/","url":"https:\/\/amstelseine.com\/fr\/nouvelles\/retour-au-travail-apres-une-longue-absence\/","name":"Retour au travail apres une longue absence - Amstel &amp; Seine","isPartOf":{"@id":"https:\/\/amstelseine.com\/fr\/#website"},"primaryImageOfPage":{"@id":"https:\/\/amstelseine.com\/fr\/nouvelles\/retour-au-travail-apres-une-longue-absence\/#primaryimage"},"image":{"@id":"https:\/\/amstelseine.com\/fr\/nouvelles\/retour-au-travail-apres-une-longue-absence\/#primaryimage"},"thumbnailUrl":"https:\/\/amstelseine.com\/wp-content\/uploads\/back-to-work.jpg","datePublished":"2022-05-12T12:59:40+00:00","dateModified":"2022-05-12T13:01:25+00:00","author":{"@id":"https:\/\/amstelseine.com\/fr\/#\/schema\/person\/8f816dee55a9b89511734998311bdd71"},"breadcrumb":{"@id":"https:\/\/amstelseine.com\/fr\/nouvelles\/retour-au-travail-apres-une-longue-absence\/#breadcrumb"},"inLanguage":"fr-FR","potentialAction":[{"@type":"ReadAction","target":["https:\/\/amstelseine.com\/fr\/nouvelles\/retour-au-travail-apres-une-longue-absence\/"]}]},{"@type":"ImageObject","inLanguage":"fr-FR","@id":"https:\/\/amstelseine.com\/fr\/nouvelles\/retour-au-travail-apres-une-longue-absence\/#primaryimage","url":"https:\/\/amstelseine.com\/wp-content\/uploads\/back-to-work.jpg","contentUrl":"https:\/\/amstelseine.com\/wp-content\/uploads\/back-to-work.jpg","width":612,"height":408,"caption":"Back to work phrase in 3 pieces paper puzzle on red background. Business concept."},{"@type":"BreadcrumbList","@id":"https:\/\/amstelseine.com\/fr\/nouvelles\/retour-au-travail-apres-une-longue-absence\/#breadcrumb","itemListElement":[{"@type":"ListItem","position":1,"name":"Home","item":"https:\/\/amstelseine.com\/fr\/"},{"@type":"ListItem","position":2,"name":"Nouvelles","item":"https:\/\/amstelseine.com\/fr\/category\/nouvelles\/"},{"@type":"ListItem","position":3,"name":"Retour au travail apres une longue absence"}]},{"@type":"WebSite","@id":"https:\/\/amstelseine.com\/fr\/#website","url":"https:\/\/amstelseine.com\/fr\/","name":"Amstel &amp; Seine","description":"En nog een WordPress site","potentialAction":[{"@type":"SearchAction","target":{"@type":"EntryPoint","urlTemplate":"https:\/\/amstelseine.com\/fr\/?s={search_term_string}"},"query-input":{"@type":"PropertyValueSpecification","valueRequired":true,"valueName":"search_term_string"}}],"inLanguage":"fr-FR"},{"@type":"Person","@id":"https:\/\/amstelseine.com\/fr\/#\/schema\/person\/8f816dee55a9b89511734998311bdd71","name":"Floris Daatselaar","image":{"@type":"ImageObject","inLanguage":"fr-FR","@id":"https:\/\/secure.gravatar.com\/avatar\/851c7f745e2b45a27495069ab2bf74e80e4c2f13ba428b8edc1ec354e49f1cc9?s=96&d=mm&r=g","url":"https:\/\/secure.gravatar.com\/avatar\/851c7f745e2b45a27495069ab2bf74e80e4c2f13ba428b8edc1ec354e49f1cc9?s=96&d=mm&r=g","contentUrl":"https:\/\/secure.gravatar.com\/avatar\/851c7f745e2b45a27495069ab2bf74e80e4c2f13ba428b8edc1ec354e49f1cc9?s=96&d=mm&r=g","caption":"Floris Daatselaar"},"url":"https:\/\/amstelseine.com\/fr\/author\/floris\/"}]}},"_links":{"self":[{"href":"https:\/\/amstelseine.com\/fr\/wp-json\/wp\/v2\/posts\/982","targetHints":{"allow":["GET"]}}],"collection":[{"href":"https:\/\/amstelseine.com\/fr\/wp-json\/wp\/v2\/posts"}],"about":[{"href":"https:\/\/amstelseine.com\/fr\/wp-json\/wp\/v2\/types\/post"}],"author":[{"embeddable":true,"href":"https:\/\/amstelseine.com\/fr\/wp-json\/wp\/v2\/users\/8"}],"replies":[{"embeddable":true,"href":"https:\/\/amstelseine.com\/fr\/wp-json\/wp\/v2\/comments?post=982"}],"version-history":[{"count":3,"href":"https:\/\/amstelseine.com\/fr\/wp-json\/wp\/v2\/posts\/982\/revisions"}],"predecessor-version":[{"id":987,"href":"https:\/\/amstelseine.com\/fr\/wp-json\/wp\/v2\/posts\/982\/revisions\/987"}],"wp:featuredmedia":[{"embeddable":true,"href":"https:\/\/amstelseine.com\/fr\/wp-json\/wp\/v2\/media\/979"}],"wp:attachment":[{"href":"https:\/\/amstelseine.com\/fr\/wp-json\/wp\/v2\/media?parent=982"}],"wp:term":[{"taxonomy":"category","embeddable":true,"href":"https:\/\/amstelseine.com\/fr\/wp-json\/wp\/v2\/categories?post=982"},{"taxonomy":"post_tag","embeddable":true,"href":"https:\/\/amstelseine.com\/fr\/wp-json\/wp\/v2\/tags?post=982"}],"curies":[{"name":"wp","href":"https:\/\/api.w.org\/{rel}","templated":true}]}}