{"id":521,"date":"2020-04-08T17:47:06","date_gmt":"2020-04-08T17:47:06","guid":{"rendered":"http:\/\/amse.blitskikker.nl\/?p=521"},"modified":"2020-04-22T08:54:48","modified_gmt":"2020-04-22T08:54:48","slug":"la-mediation","status":"publish","type":"post","link":"https:\/\/amstelseine.com\/fr\/nouvelles\/la-mediation\/","title":{"rendered":"La mediation"},"content":{"rendered":"<h1>1. La m\u00e9diation en droit fran\u00e7ais<\/h1>\n<p>La France s\u2019est dot\u00e9e d\u00e8s 1995 (Loi du 8 f\u00e9vrier 1995) d\u2019un dispositif l\u00e9gislatif en mati\u00e8re de m\u00e9diation. Depuis cette date, la m\u00e9diation s\u2019y est d\u00e9velopp\u00e9e, mais tr\u00e8s lentement, gr\u00e2ce notamment \u00e0 la cr\u00e9ation de centres de m\u00e9diation. Les juridictions et les professionnels du droit montrant peu d\u2019enthousiasme et p\u00eachant par d\u00e9faut de formation \u00e0 cet outil.<\/p>\n<p>Apr\u00e8s avoir engag\u00e9 une vaste consultation aupr\u00e8s des \u00c9tats Membres sur les mesures pouvant \u00eatre mises en \u0153uvre pour encourager le recours \u00e0 la m\u00e9diation, le Parlement Europ\u00e9en a adopt\u00e9 la Directive 2008\/52\/CE applicable aux litiges transfrontaliers en mati\u00e8re civile et commerciale.<\/p>\n<p>La France a transpos\u00e9 cette Directive par ordonnance n\u00b02011-1540 du 16 novembre 2011 mais est \u00e9galement all\u00e9e plus loin dans l\u2019encadrement juridique de la m\u00e9diation. Les r\u00e9centes r\u00e9formes de la Justice en France, quelle que soit la mati\u00e8re, t\u00e9moignent en effet une vraie volont\u00e9 du l\u00e9gislateur de favoriser les modes alternatifs de r\u00e8glement des conflits.<\/p>\n<p>Le Parlement Europ\u00e9en a adopt\u00e9 une r\u00e9solution le 13 septembre 2011 visant \u00e0 compl\u00e9ter cette Directive. Cette r\u00e9solution conf\u00e8re \u00e0 un accord issu d\u2019une m\u00e9diation la m\u00eame force qu\u2019une d\u00e9cision judiciaire. Elle reprend \u00e9galement les initiatives de certains \u00c9tats europ\u00e9ens en vue de fournir des incitations financi\u00e8res aux parties qui ont recours \u00e0 la m\u00e9diation.<\/p>\n<p>Dans cette dynamique europ\u00e9enne, la France a \u00e9galement pris des mesures en vue de favoriser le recours aux modes alternatifs de r\u00e9solution des conflits.<\/p>\n<p>D\u00e9sormais, le Code de proc\u00e9dure civile fran\u00e7ais (CPC) pr\u00e9voit la m\u00e9diation judiciaire (articles 131-1 et suivants du CPC), et la m\u00e9diation conventionnelle (articles 1532 et suivants du CPC).<\/p>\n<p>Depuis le 1er janvier 2016, les professionnels ont l\u2019obligation de communiquer aux consommateurs, les coordonn\u00e9es des m\u00e9diateurs de la consommation dont ils rel\u00e8vent (article L.612-1 du Code de la consommation), permettant ainsi au consommateur d\u2019\u00eatre \u00e0 l\u2019initiative d\u2019un processus de m\u00e9diation en cas de diff\u00e9rend.<\/p>\n<p>La loi du 18 novembre 2016 de modernisation de la justice du XXIe si\u00e8cle pr\u00e9voit une tentative de m\u00e9diation obligatoire avant la saisine du juge aux affaires familiales.<\/p>\n<p>La loi n\u00b02019-222 du 23 mars 2019 de r\u00e9forme pour la justice, permet maintenant au juge civil &#8211; au risque de d\u00e9naturer le sens m\u00eame de la m\u00e9diation, qui est un processus d\u2019adh\u00e9sion des parties -, en tout \u00e9tat d\u2019une proc\u00e9dure, y compris en r\u00e9f\u00e9r\u00e9, d\u2019enjoindre les parties \u00e0 rencontrer un m\u00e9diateur (Article 128 du CPC, article 22-1 de la Loi du 8 f\u00e9vrier 1995).<\/p>\n<p>Cette loi r\u00e9cente met \u00e9galement en place une obligation de m\u00e9diation pour avoir acc\u00e8s au syst\u00e8me judiciaire, pour les recours tenant \u00e0 un montant inf\u00e9rieur \u00e0 5.000 euros ou relatifs \u00e0 un conflit de voisinage (article 750-1 du Code de proc\u00e9dure civile).<\/p>\n<p>M\u00e9connue, la m\u00e9diation va devenir un passage oblig\u00e9 d\u2019ici quelques ann\u00e9es. Il est donc indispensable de se familiariser avec ce mode de r\u00e9solution des litiges et de l\u2019envisager plus fr\u00e9quemment pour vos litiges.<\/p>\n<h2>2. Les caract\u00e9ristiques de la m\u00e9diation en France<\/h2>\n<p>La m\u00e9diation se d\u00e9finit comme un processus confidentiel de r\u00e8glement des conflits par lequel un tiers neutre et ind\u00e9pendant \u2013 le m\u00e9diateur &#8211; intervient entre deux ou plusieurs parties afin de les aider \u00e0 r\u00e9soudre le diff\u00e9rend qui les oppose en facilitant la recherche d\u2019une solution n\u00e9goci\u00e9e en \u00e9vitant ainsi le recours \u00e0 un proc\u00e8s.<\/p>\n<p>Ses caract\u00e9ristiques sont d\u00e9finies dans la Loi du 8 f\u00e9vrier 1995, articles 21 et suivants.<\/p>\n<p>Elle peut \u00eatre conventionnelle (articles 1530 \u00e0 1535 du CPC) ou judiciaire, initi\u00e9e par le juge (articles 131-1 \u00e0 131-15 du CPC). Si ces deux processus sont distincts, ils disposent de r\u00e8gles communes\u00a0:<\/p>\n<p><strong>Un m\u00e9diateur objectif et neutre<\/strong><br \/>\nLe m\u00e9diateur doit satisfaire un certain nombre de conditions afin de garantir sa comp\u00e9tence et son ind\u00e9pendance.).<\/p>\n<p>Le m\u00e9diateur est v\u00e9ritablement ext\u00e9rieur aux parties, il ne doit avoir aucun lien d\u2019int\u00e9r\u00eat avec l\u2019une ou l\u2019autre des parties.<\/p>\n<p>Pendant la m\u00e9diation, il veille \u00e0 garder un d\u00e9bat \u00e9quilibr\u00e9 entre les parties en respectant le temps de parole de chacun, et en emp\u00eachant qu\u2019une partie ne prenne le dessus sur l\u2019autre. Il n\u2019\u00e9met aucune opinion en faveur de l\u2019une ou de l\u2019autre des parties, il reste totalement neutre.<\/p>\n<p>Le m\u00e9diateur n\u2019impose aucune d\u00e9cision. II se contente de proposer aux parties des pistes de r\u00e9flexion. La connaissance technique du m\u00e9diateur dans le domaine concern\u00e9 peut \u00eatre tr\u00e8s appr\u00e9ci\u00e9e. Certains domaines (par exemple le droit de la construction, le droit financier, le droit des soci\u00e9t\u00e9s) n\u00e9cessitent des \u00e9changes tr\u00e8s techniques. Un m\u00e9diateur sp\u00e9cialis\u00e9 dans ce domaine permettra des \u00e9changes plus pertinents.<\/p>\n<p><strong>Un processus confidentiel<\/strong><br \/>\nLa confidentialit\u00e9 offre un espace de libert\u00e9 o\u00f9 les parties s\u2019expriment et \u00e9changent de fa\u00e7on nouvelle et cr\u00e9atrice.<\/p>\n<p>C\u2019est pourquoi le m\u00e9diateur et toutes les autres parties pr\u00e9sentes \u00e0 la m\u00e9diation doivent observer une stricte confidentialit\u00e9 par rapport \u00e0 tout ce qui est dit et \u00e9chang\u00e9 au cours du processus de m\u00e9diation (article 21-3 de la Loi du 8 f\u00e9vrier 1995).<\/p>\n<p>Tout propos, tout document \u00e9chang\u00e9 ne pourra \u00eatre utilis\u00e9 ult\u00e9rieurement (notamment en cas de proc\u00e9dure judiciaire).<\/p>\n<p>En outre, en cas de rencontre s\u00e9par\u00e9e des parties par le m\u00e9diateur, ce n\u2019est que sur autorisation que le m\u00e9diateur pourra \u00e9voquer devant l\u2019autre partie les points qui lui auront \u00e9t\u00e9 appris par l\u2019autre partie.<\/p>\n<p><strong>Un processus encadr\u00e9 <\/strong><br \/>\nLes proc\u00e9dures judiciaires pr\u00e9sentent un caract\u00e8re al\u00e9atoire sur de nombreux aspects tels la dur\u00e9e, le co\u00fbt, le r\u00e9sultat final, l\u2019ex\u00e9cution de la d\u00e9cision finale\u2026 La m\u00e9diation permet de ma\u00eetriser davantage tous ces aspects.<\/p>\n<p>Le m\u00e9diateur fixe un agenda en accord avec les parties. Ils peuvent d\u00e9cider de se r\u00e9unir ensemble ou de se rencontrer s\u00e9par\u00e9ment. La dur\u00e9e de chaque session peut \u00e9galement \u00eatre pr\u00e9d\u00e9finie.<\/p>\n<p>G\u00e9n\u00e9ralement, le processus de m\u00e9diation est fix\u00e9 sur un d\u00e9lai de deux mois, mais il peut \u00eatre prorog\u00e9 avec l\u2019accord de toutes les parties. Il arrive aussi qu\u2019une m\u00e9diation aboutisse beaucoup plus rapidement que pr\u00e9vu. En cas de m\u00e9diation judiciaire, la dur\u00e9e initiale de la m\u00e9diation ne peut exc\u00e9der trois mois (article 131-3 du CPC).<\/p>\n<p><strong>Une solution qui convient aux parties<br \/>\n<\/strong>Une fois que les parties ont identifi\u00e9 ensemble les questions du litige, le m\u00e9diateur les aide \u00e0 explorer, de fa\u00e7on plus profonde, les champs de solution qui peuvent s\u2019offrir, jusqu\u2019\u00e0 ce qu\u2019elles se mettent d\u2019accord sur les termes d\u2019une transaction, ou \u2013 de fa\u00e7on plus rare, qu\u2019elles d\u00e9cident de se quitter pour poursuivre leur litige sur le plan judiciaire.<\/p>\n<p>Si un accord est trouv\u00e9 entre les parties, celles-ci d\u00e9cident de sa formulation. Elles peuvent ainsi envisag\u00e9es des solutions sur mesure, nouvelles et innovantes qui conviendront parfaitement \u00e0 leur litige.<\/p>\n<p>Les parties pourront alors faire homologuer cette transaction par le juge saisi en cas de m\u00e9diation judiciaire, ou en saisissant une instance judiciaire en cas de m\u00e9diation conventionnelle (article 129 du CPC).<\/p>\n<p>En cas de d\u00e9saccord persistant l\u2019instance judiciaire reprend ou une proc\u00e9dure sera engag\u00e9e par une des parties adverses. Le d\u00e9lai de prescription, interrompu \u00e0 compter du jour o\u00f9 les parties conviennent de recourir \u00e0 la m\u00e9diation, recommence \u00e0 courir (article 2238 du CPC).<\/p>\n<p>Le juge ou le tribunal rendra alors une d\u00e9cision sans \u00eatre influenc\u00e9 par la m\u00e9diation, ce d\u2019autant plus que son contenu lui est inconnu.<\/p>\n<h3>LE ROLE DE L\u2019AVOCAT<\/h3>\n<p>En amont, le r\u00f4le de l\u2019avocat est de conseiller ou non la m\u00e9diation \u00e0 son client, suivant les circonstances de l\u2019affaire. Ce n\u2019est pas un conseil automatique, il est donn\u00e9 en connaissance de cause, si l\u2019affaire s\u2019y pr\u00eate.<\/p>\n<p>Pendant le processus de m\u00e9diation, c\u2019est essentiellement au client qu\u2019il revient de parler. Cependant, l\u2019avocat est l\u00e0 pour l\u2019aider dans sa prise de parole, pour l\u2019aider \u00e0 imaginer des solutions, temp\u00e9rer et d\u2019une mani\u00e8re g\u00e9n\u00e9rale jouer enti\u00e8rement le r\u00f4le de conseil.<\/p>\n<p>L\u2019avocat aidera ainsi son client \u00e0 d\u00e9cider de l\u2019int\u00e9r\u00eat dans un litige sp\u00e9cifique de la m\u00e9diation, de l\u2019utilit\u00e9 de sa poursuite ou non, de la n\u00e9cessit\u00e9 d\u2019un apart\u00e9, de la faisabilit\u00e9 juridique de la solution propos\u00e9e\u2026.<\/p>\n<p>Enfin, c\u2019est l\u2019avocat qui \u00e0 la fin du processus de m\u00e9diation \u00e9laborera le protocole transactionnel et s\u2019assurera de son ex\u00e9cution.<\/p>\n<p><strong>Pourquoi choisir la m\u00e9diation\u00a0?<\/strong><\/p>\n<ul>\n<li>Renouer un dialogue rompu<\/li>\n<li>R\u00e9soudre un litige entre de bons partenaires commerciaux<\/li>\n<li>Garantir la confidentialit\u00e9<\/li>\n<li>Ma\u00eetriser la solution du litige<\/li>\n<li>Ma\u00eetriser les co\u00fbts et la dur\u00e9e du processus<\/li>\n<\/ul>\n<p class=\"p1\">Le cabinet Amstel &amp; Seine peut vous assister au cours d\u2019une m\u00e9diation, quel que soit le domaine de cette m\u00e9diation.<\/p>\n<p class=\"p1\">Form\u00e9es aux techniques et aux outils \u00e9thiques de la m\u00e9diation, <a href=\"\/fr\/team\/marinka-schillings\/\">Marinka Schillings<\/a>, Associ\u00e9e du cabinet Amstel &amp; Seine, pratique soit en qualit\u00e9 de m\u00e9diateur, soit en qualit\u00e9 d\u2019avocat. Elle sera, avec ses associ\u00e9es <a href=\"\/fr\/team\/mirjam-berg\/\">Mirjam Berg<\/a> (en droit du travail) et <a href=\"\/fr\/team\/valerie-judels\/\">Val\u00e9rie Judels<\/a> (contentieux), \u00e9galement form\u00e9es \u00e0 la m\u00e9diation, votre avocat d\u00e9di\u00e9 pour toutes les questions sur la m\u00e9diation.<\/p>\n<p><img loading=\"lazy\" decoding=\"async\" class=\"alignnone size-full wp-image-617\" src=\"https:\/\/amstelseine.com\/wp-content\/uploads\/Mediation-MS-3.jpg\" alt=\"\" width=\"2362\" height=\"1073\" srcset=\"https:\/\/amstelseine.com\/wp-content\/uploads\/Mediation-MS-3.jpg 2362w, https:\/\/amstelseine.com\/wp-content\/uploads\/Mediation-MS-3-300x136.jpg 300w, https:\/\/amstelseine.com\/wp-content\/uploads\/Mediation-MS-3-1024x465.jpg 1024w, https:\/\/amstelseine.com\/wp-content\/uploads\/Mediation-MS-3-768x349.jpg 768w, https:\/\/amstelseine.com\/wp-content\/uploads\/Mediation-MS-3-1536x698.jpg 1536w, https:\/\/amstelseine.com\/wp-content\/uploads\/Mediation-MS-3-2048x930.jpg 2048w, https:\/\/amstelseine.com\/wp-content\/uploads\/Mediation-MS-3-480x218.jpg 480w, https:\/\/amstelseine.com\/wp-content\/uploads\/Mediation-MS-3-640x291.jpg 640w, https:\/\/amstelseine.com\/wp-content\/uploads\/Mediation-MS-3-900x409.jpg 900w, https:\/\/amstelseine.com\/wp-content\/uploads\/Mediation-MS-3-1280x581.jpg 1280w, https:\/\/amstelseine.com\/wp-content\/uploads\/Mediation-MS-3-1440x654.jpg 1440w, https:\/\/amstelseine.com\/wp-content\/uploads\/Mediation-MS-3-1700x772.jpg 1700w\" sizes=\"auto, (max-width: 2362px) 100vw, 2362px\" \/><\/p>\n","protected":false},"excerpt":{"rendered":"<p>1. La m\u00e9diation en droit fran\u00e7ais La France s\u2019est dot\u00e9e d\u00e8s 1995 (Loi du 8 f\u00e9vrier 1995) d\u2019un dispositif l\u00e9gislatif en mati\u00e8re de m\u00e9diation. Depuis cette date, la m\u00e9diation s\u2019y est d\u00e9velopp\u00e9e, mais tr\u00e8s lentement, gr\u00e2ce notamment \u00e0 la cr\u00e9ation de centres de m\u00e9diation. Les juridictions et les professionnels du droit montrant peu d\u2019enthousiasme et [&hellip;]<\/p>\n","protected":false},"author":2,"featured_media":566,"comment_status":"open","ping_status":"open","sticky":false,"template":"","format":"standard","meta":{"_acf_changed":false,"footnotes":""},"categories":[21],"tags":[],"class_list":["post-521","post","type-post","status-publish","format-standard","has-post-thumbnail","hentry","category-nouvelles"],"acf":[],"yoast_head":"<!-- This site is optimized with the Yoast SEO plugin v27.5 - https:\/\/yoast.com\/product\/yoast-seo-wordpress\/ -->\n<title>La mediation - Amstel &amp; Seine<\/title>\n<meta name=\"robots\" content=\"index, follow, max-snippet:-1, max-image-preview:large, max-video-preview:-1\" \/>\n<link rel=\"canonical\" href=\"https:\/\/amstelseine.com\/fr\/nouvelles\/la-mediation\/\" \/>\n<meta property=\"og:locale\" content=\"fr_FR\" \/>\n<meta property=\"og:type\" content=\"article\" \/>\n<meta property=\"og:title\" content=\"La mediation - Amstel &amp; Seine\" \/>\n<meta property=\"og:description\" content=\"1. La m\u00e9diation en droit fran\u00e7ais La France s\u2019est dot\u00e9e d\u00e8s 1995 (Loi du 8 f\u00e9vrier 1995) d\u2019un dispositif l\u00e9gislatif en mati\u00e8re de m\u00e9diation. Depuis cette date, la m\u00e9diation s\u2019y est d\u00e9velopp\u00e9e, mais tr\u00e8s lentement, gr\u00e2ce notamment \u00e0 la cr\u00e9ation de centres de m\u00e9diation. Les juridictions et les professionnels du droit montrant peu d\u2019enthousiasme et [&hellip;]\" \/>\n<meta property=\"og:url\" content=\"https:\/\/amstelseine.com\/fr\/nouvelles\/la-mediation\/\" \/>\n<meta property=\"og:site_name\" content=\"Amstel &amp; Seine\" \/>\n<meta property=\"article:published_time\" content=\"2020-04-08T17:47:06+00:00\" \/>\n<meta property=\"article:modified_time\" content=\"2020-04-22T08:54:48+00:00\" \/>\n<meta property=\"og:image\" content=\"https:\/\/amstelseine.com\/wp-content\/uploads\/brug.jpg\" \/>\n\t<meta property=\"og:image:width\" content=\"2560\" \/>\n\t<meta property=\"og:image:height\" content=\"475\" \/>\n\t<meta property=\"og:image:type\" content=\"image\/jpeg\" \/>\n<meta name=\"author\" content=\"Marinka Schillings\" \/>\n<meta name=\"twitter:card\" content=\"summary_large_image\" \/>\n<meta name=\"twitter:label1\" content=\"\u00c9crit par\" \/>\n\t<meta name=\"twitter:data1\" content=\"Marinka Schillings\" \/>\n\t<meta name=\"twitter:label2\" content=\"Dur\u00e9e de lecture estim\u00e9e\" \/>\n\t<meta name=\"twitter:data2\" content=\"8 minutes\" \/>\n<script type=\"application\/ld+json\" class=\"yoast-schema-graph\">{\"@context\":\"https:\\\/\\\/schema.org\",\"@graph\":[{\"@type\":\"Article\",\"@id\":\"https:\\\/\\\/amstelseine.com\\\/fr\\\/nouvelles\\\/la-mediation\\\/#article\",\"isPartOf\":{\"@id\":\"https:\\\/\\\/amstelseine.com\\\/fr\\\/nouvelles\\\/la-mediation\\\/\"},\"author\":{\"name\":\"Marinka Schillings\",\"@id\":\"https:\\\/\\\/amstelseine.com\\\/fr\\\/#\\\/schema\\\/person\\\/757e6bd622c5940af83dc167130f9d1e\"},\"headline\":\"La mediation\",\"datePublished\":\"2020-04-08T17:47:06+00:00\",\"dateModified\":\"2020-04-22T08:54:48+00:00\",\"mainEntityOfPage\":{\"@id\":\"https:\\\/\\\/amstelseine.com\\\/fr\\\/nouvelles\\\/la-mediation\\\/\"},\"wordCount\":1646,\"commentCount\":0,\"image\":{\"@id\":\"https:\\\/\\\/amstelseine.com\\\/fr\\\/nouvelles\\\/la-mediation\\\/#primaryimage\"},\"thumbnailUrl\":\"https:\\\/\\\/amstelseine.com\\\/wp-content\\\/uploads\\\/brug.jpg\",\"articleSection\":[\"Nouvelles\"],\"inLanguage\":\"fr-FR\",\"potentialAction\":[{\"@type\":\"CommentAction\",\"name\":\"Comment\",\"target\":[\"https:\\\/\\\/amstelseine.com\\\/fr\\\/nouvelles\\\/la-mediation\\\/#respond\"]}]},{\"@type\":\"WebPage\",\"@id\":\"https:\\\/\\\/amstelseine.com\\\/fr\\\/nouvelles\\\/la-mediation\\\/\",\"url\":\"https:\\\/\\\/amstelseine.com\\\/fr\\\/nouvelles\\\/la-mediation\\\/\",\"name\":\"La mediation - Amstel &amp; Seine\",\"isPartOf\":{\"@id\":\"https:\\\/\\\/amstelseine.com\\\/fr\\\/#website\"},\"primaryImageOfPage\":{\"@id\":\"https:\\\/\\\/amstelseine.com\\\/fr\\\/nouvelles\\\/la-mediation\\\/#primaryimage\"},\"image\":{\"@id\":\"https:\\\/\\\/amstelseine.com\\\/fr\\\/nouvelles\\\/la-mediation\\\/#primaryimage\"},\"thumbnailUrl\":\"https:\\\/\\\/amstelseine.com\\\/wp-content\\\/uploads\\\/brug.jpg\",\"datePublished\":\"2020-04-08T17:47:06+00:00\",\"dateModified\":\"2020-04-22T08:54:48+00:00\",\"author\":{\"@id\":\"https:\\\/\\\/amstelseine.com\\\/fr\\\/#\\\/schema\\\/person\\\/757e6bd622c5940af83dc167130f9d1e\"},\"breadcrumb\":{\"@id\":\"https:\\\/\\\/amstelseine.com\\\/fr\\\/nouvelles\\\/la-mediation\\\/#breadcrumb\"},\"inLanguage\":\"fr-FR\",\"potentialAction\":[{\"@type\":\"ReadAction\",\"target\":[\"https:\\\/\\\/amstelseine.com\\\/fr\\\/nouvelles\\\/la-mediation\\\/\"]}]},{\"@type\":\"ImageObject\",\"inLanguage\":\"fr-FR\",\"@id\":\"https:\\\/\\\/amstelseine.com\\\/fr\\\/nouvelles\\\/la-mediation\\\/#primaryimage\",\"url\":\"https:\\\/\\\/amstelseine.com\\\/wp-content\\\/uploads\\\/brug.jpg\",\"contentUrl\":\"https:\\\/\\\/amstelseine.com\\\/wp-content\\\/uploads\\\/brug.jpg\",\"width\":2560,\"height\":475},{\"@type\":\"BreadcrumbList\",\"@id\":\"https:\\\/\\\/amstelseine.com\\\/fr\\\/nouvelles\\\/la-mediation\\\/#breadcrumb\",\"itemListElement\":[{\"@type\":\"ListItem\",\"position\":1,\"name\":\"Home\",\"item\":\"https:\\\/\\\/amstelseine.com\\\/fr\\\/\"},{\"@type\":\"ListItem\",\"position\":2,\"name\":\"Nouvelles\",\"item\":\"https:\\\/\\\/amstelseine.com\\\/fr\\\/category\\\/nouvelles\\\/\"},{\"@type\":\"ListItem\",\"position\":3,\"name\":\"La mediation\"}]},{\"@type\":\"WebSite\",\"@id\":\"https:\\\/\\\/amstelseine.com\\\/fr\\\/#website\",\"url\":\"https:\\\/\\\/amstelseine.com\\\/fr\\\/\",\"name\":\"Amstel &amp; Seine\",\"description\":\"En nog een WordPress site\",\"potentialAction\":[{\"@type\":\"SearchAction\",\"target\":{\"@type\":\"EntryPoint\",\"urlTemplate\":\"https:\\\/\\\/amstelseine.com\\\/fr\\\/?s={search_term_string}\"},\"query-input\":{\"@type\":\"PropertyValueSpecification\",\"valueRequired\":true,\"valueName\":\"search_term_string\"}}],\"inLanguage\":\"fr-FR\"},{\"@type\":\"Person\",\"@id\":\"https:\\\/\\\/amstelseine.com\\\/fr\\\/#\\\/schema\\\/person\\\/757e6bd622c5940af83dc167130f9d1e\",\"name\":\"Marinka Schillings\",\"image\":{\"@type\":\"ImageObject\",\"inLanguage\":\"fr-FR\",\"@id\":\"https:\\\/\\\/secure.gravatar.com\\\/avatar\\\/ea85a7f32f6ac09e91ca138434d37ef6b6dd5531dd48fca3470b115e520d4bf0?s=96&d=mm&r=g\",\"url\":\"https:\\\/\\\/secure.gravatar.com\\\/avatar\\\/ea85a7f32f6ac09e91ca138434d37ef6b6dd5531dd48fca3470b115e520d4bf0?s=96&d=mm&r=g\",\"contentUrl\":\"https:\\\/\\\/secure.gravatar.com\\\/avatar\\\/ea85a7f32f6ac09e91ca138434d37ef6b6dd5531dd48fca3470b115e520d4bf0?s=96&d=mm&r=g\",\"caption\":\"Marinka Schillings\"},\"url\":\"https:\\\/\\\/amstelseine.com\\\/fr\\\/author\\\/marinka-schillings\\\/\"}]}<\/script>\n<!-- \/ Yoast SEO plugin. -->","yoast_head_json":{"title":"La mediation - Amstel &amp; Seine","robots":{"index":"index","follow":"follow","max-snippet":"max-snippet:-1","max-image-preview":"max-image-preview:large","max-video-preview":"max-video-preview:-1"},"canonical":"https:\/\/amstelseine.com\/fr\/nouvelles\/la-mediation\/","og_locale":"fr_FR","og_type":"article","og_title":"La mediation - Amstel &amp; Seine","og_description":"1. La m\u00e9diation en droit fran\u00e7ais La France s\u2019est dot\u00e9e d\u00e8s 1995 (Loi du 8 f\u00e9vrier 1995) d\u2019un dispositif l\u00e9gislatif en mati\u00e8re de m\u00e9diation. Depuis cette date, la m\u00e9diation s\u2019y est d\u00e9velopp\u00e9e, mais tr\u00e8s lentement, gr\u00e2ce notamment \u00e0 la cr\u00e9ation de centres de m\u00e9diation. Les juridictions et les professionnels du droit montrant peu d\u2019enthousiasme et [&hellip;]","og_url":"https:\/\/amstelseine.com\/fr\/nouvelles\/la-mediation\/","og_site_name":"Amstel &amp; Seine","article_published_time":"2020-04-08T17:47:06+00:00","article_modified_time":"2020-04-22T08:54:48+00:00","og_image":[{"width":2560,"height":475,"url":"https:\/\/amstelseine.com\/wp-content\/uploads\/brug.jpg","type":"image\/jpeg"}],"author":"Marinka Schillings","twitter_card":"summary_large_image","twitter_misc":{"\u00c9crit par":"Marinka Schillings","Dur\u00e9e de lecture estim\u00e9e":"8 minutes"},"schema":{"@context":"https:\/\/schema.org","@graph":[{"@type":"Article","@id":"https:\/\/amstelseine.com\/fr\/nouvelles\/la-mediation\/#article","isPartOf":{"@id":"https:\/\/amstelseine.com\/fr\/nouvelles\/la-mediation\/"},"author":{"name":"Marinka Schillings","@id":"https:\/\/amstelseine.com\/fr\/#\/schema\/person\/757e6bd622c5940af83dc167130f9d1e"},"headline":"La mediation","datePublished":"2020-04-08T17:47:06+00:00","dateModified":"2020-04-22T08:54:48+00:00","mainEntityOfPage":{"@id":"https:\/\/amstelseine.com\/fr\/nouvelles\/la-mediation\/"},"wordCount":1646,"commentCount":0,"image":{"@id":"https:\/\/amstelseine.com\/fr\/nouvelles\/la-mediation\/#primaryimage"},"thumbnailUrl":"https:\/\/amstelseine.com\/wp-content\/uploads\/brug.jpg","articleSection":["Nouvelles"],"inLanguage":"fr-FR","potentialAction":[{"@type":"CommentAction","name":"Comment","target":["https:\/\/amstelseine.com\/fr\/nouvelles\/la-mediation\/#respond"]}]},{"@type":"WebPage","@id":"https:\/\/amstelseine.com\/fr\/nouvelles\/la-mediation\/","url":"https:\/\/amstelseine.com\/fr\/nouvelles\/la-mediation\/","name":"La mediation - Amstel &amp; Seine","isPartOf":{"@id":"https:\/\/amstelseine.com\/fr\/#website"},"primaryImageOfPage":{"@id":"https:\/\/amstelseine.com\/fr\/nouvelles\/la-mediation\/#primaryimage"},"image":{"@id":"https:\/\/amstelseine.com\/fr\/nouvelles\/la-mediation\/#primaryimage"},"thumbnailUrl":"https:\/\/amstelseine.com\/wp-content\/uploads\/brug.jpg","datePublished":"2020-04-08T17:47:06+00:00","dateModified":"2020-04-22T08:54:48+00:00","author":{"@id":"https:\/\/amstelseine.com\/fr\/#\/schema\/person\/757e6bd622c5940af83dc167130f9d1e"},"breadcrumb":{"@id":"https:\/\/amstelseine.com\/fr\/nouvelles\/la-mediation\/#breadcrumb"},"inLanguage":"fr-FR","potentialAction":[{"@type":"ReadAction","target":["https:\/\/amstelseine.com\/fr\/nouvelles\/la-mediation\/"]}]},{"@type":"ImageObject","inLanguage":"fr-FR","@id":"https:\/\/amstelseine.com\/fr\/nouvelles\/la-mediation\/#primaryimage","url":"https:\/\/amstelseine.com\/wp-content\/uploads\/brug.jpg","contentUrl":"https:\/\/amstelseine.com\/wp-content\/uploads\/brug.jpg","width":2560,"height":475},{"@type":"BreadcrumbList","@id":"https:\/\/amstelseine.com\/fr\/nouvelles\/la-mediation\/#breadcrumb","itemListElement":[{"@type":"ListItem","position":1,"name":"Home","item":"https:\/\/amstelseine.com\/fr\/"},{"@type":"ListItem","position":2,"name":"Nouvelles","item":"https:\/\/amstelseine.com\/fr\/category\/nouvelles\/"},{"@type":"ListItem","position":3,"name":"La mediation"}]},{"@type":"WebSite","@id":"https:\/\/amstelseine.com\/fr\/#website","url":"https:\/\/amstelseine.com\/fr\/","name":"Amstel &amp; Seine","description":"En nog een WordPress site","potentialAction":[{"@type":"SearchAction","target":{"@type":"EntryPoint","urlTemplate":"https:\/\/amstelseine.com\/fr\/?s={search_term_string}"},"query-input":{"@type":"PropertyValueSpecification","valueRequired":true,"valueName":"search_term_string"}}],"inLanguage":"fr-FR"},{"@type":"Person","@id":"https:\/\/amstelseine.com\/fr\/#\/schema\/person\/757e6bd622c5940af83dc167130f9d1e","name":"Marinka Schillings","image":{"@type":"ImageObject","inLanguage":"fr-FR","@id":"https:\/\/secure.gravatar.com\/avatar\/ea85a7f32f6ac09e91ca138434d37ef6b6dd5531dd48fca3470b115e520d4bf0?s=96&d=mm&r=g","url":"https:\/\/secure.gravatar.com\/avatar\/ea85a7f32f6ac09e91ca138434d37ef6b6dd5531dd48fca3470b115e520d4bf0?s=96&d=mm&r=g","contentUrl":"https:\/\/secure.gravatar.com\/avatar\/ea85a7f32f6ac09e91ca138434d37ef6b6dd5531dd48fca3470b115e520d4bf0?s=96&d=mm&r=g","caption":"Marinka Schillings"},"url":"https:\/\/amstelseine.com\/fr\/author\/marinka-schillings\/"}]}},"_links":{"self":[{"href":"https:\/\/amstelseine.com\/fr\/wp-json\/wp\/v2\/posts\/521","targetHints":{"allow":["GET"]}}],"collection":[{"href":"https:\/\/amstelseine.com\/fr\/wp-json\/wp\/v2\/posts"}],"about":[{"href":"https:\/\/amstelseine.com\/fr\/wp-json\/wp\/v2\/types\/post"}],"author":[{"embeddable":true,"href":"https:\/\/amstelseine.com\/fr\/wp-json\/wp\/v2\/users\/2"}],"replies":[{"embeddable":true,"href":"https:\/\/amstelseine.com\/fr\/wp-json\/wp\/v2\/comments?post=521"}],"version-history":[{"count":10,"href":"https:\/\/amstelseine.com\/fr\/wp-json\/wp\/v2\/posts\/521\/revisions"}],"predecessor-version":[{"id":621,"href":"https:\/\/amstelseine.com\/fr\/wp-json\/wp\/v2\/posts\/521\/revisions\/621"}],"wp:featuredmedia":[{"embeddable":true,"href":"https:\/\/amstelseine.com\/fr\/wp-json\/wp\/v2\/media\/566"}],"wp:attachment":[{"href":"https:\/\/amstelseine.com\/fr\/wp-json\/wp\/v2\/media?parent=521"}],"wp:term":[{"taxonomy":"category","embeddable":true,"href":"https:\/\/amstelseine.com\/fr\/wp-json\/wp\/v2\/categories?post=521"},{"taxonomy":"post_tag","embeddable":true,"href":"https:\/\/amstelseine.com\/fr\/wp-json\/wp\/v2\/tags?post=521"}],"curies":[{"name":"wp","href":"https:\/\/api.w.org\/{rel}","templated":true}]}}