{"id":1101,"date":"2024-01-05T12:50:18","date_gmt":"2024-01-05T12:50:18","guid":{"rendered":"https:\/\/amstelseine.com\/?p=1101"},"modified":"2024-01-05T12:50:18","modified_gmt":"2024-01-05T12:50:18","slug":"mediation-partie-2","status":"publish","type":"post","link":"https:\/\/amstelseine.com\/fr\/nouvelles\/mediation-partie-2\/","title":{"rendered":"Mediation partie 2"},"content":{"rendered":"<p><img loading=\"lazy\" decoding=\"async\" class=\"alignnone size-full wp-image-1065\" src=\"https:\/\/amstelseine.com\/wp-content\/uploads\/marinka-boek-amstel-seine-scaled.jpg\" alt=\"\" width=\"2560\" height=\"1709\" srcset=\"https:\/\/amstelseine.com\/wp-content\/uploads\/marinka-boek-amstel-seine-scaled.jpg 2560w, https:\/\/amstelseine.com\/wp-content\/uploads\/marinka-boek-amstel-seine-300x200.jpg 300w, https:\/\/amstelseine.com\/wp-content\/uploads\/marinka-boek-amstel-seine-1024x684.jpg 1024w, https:\/\/amstelseine.com\/wp-content\/uploads\/marinka-boek-amstel-seine-768x513.jpg 768w, https:\/\/amstelseine.com\/wp-content\/uploads\/marinka-boek-amstel-seine-1536x1025.jpg 1536w, https:\/\/amstelseine.com\/wp-content\/uploads\/marinka-boek-amstel-seine-2048x1367.jpg 2048w, https:\/\/amstelseine.com\/wp-content\/uploads\/marinka-boek-amstel-seine-480x320.jpg 480w, https:\/\/amstelseine.com\/wp-content\/uploads\/marinka-boek-amstel-seine-640x427.jpg 640w, https:\/\/amstelseine.com\/wp-content\/uploads\/marinka-boek-amstel-seine-900x601.jpg 900w, https:\/\/amstelseine.com\/wp-content\/uploads\/marinka-boek-amstel-seine-1280x854.jpg 1280w, https:\/\/amstelseine.com\/wp-content\/uploads\/marinka-boek-amstel-seine-1440x961.jpg 1440w, https:\/\/amstelseine.com\/wp-content\/uploads\/marinka-boek-amstel-seine-1700x1135.jpg 1700w\" sizes=\"auto, (max-width: 2560px) 100vw, 2560px\" \/><\/p>\n<p><strong>Modes alternatifs de r\u00e8glement de diff\u00e9rends autres que la m\u00e9diation\u00a0: conciliation, proc\u00e9dure participative, audience de r\u00e8glement amiable<\/strong><\/p>\n<p>Les modes alternatifs de r\u00e8glement de diff\u00e9rends (\u00ab\u00a0MARD\u00a0\u00bb) connaissent un essor consid\u00e9rable en droit fran\u00e7ais. En 2023 le ministre de la Justice a insist\u00e9 sur la volont\u00e9 du pouvoir ex\u00e9cutif de promouvoir encore davantage le recours \u00e0 l\u2019amiable.\u00a0 Il existait d\u00e9j\u00e0 un grand nombre de dispositifs de r\u00e9solution amiable des litiges, tels que la conciliation, la proc\u00e9dure participative et la m\u00e9diation. R\u00e9cemment le gouvernement a ajout\u00e9 au dispositif existant la possibilit\u00e9 de c\u00e9sure d\u2019une proc\u00e9dure en cours et l\u2019audience de r\u00e8glement amiable. Devant la multitude des modalit\u00e9s amiables de r\u00e9solution de litiges, il n\u2019est pas toujours ais\u00e9 de choisir l\u2019option la plus adapt\u00e9e. Dans cet article, nous vous expliquons les principales caract\u00e9ristiques de la conciliation, la proc\u00e9dure participative et l\u2019audience de r\u00e8glement amiable.\u00a0 Pour la m\u00e9diation et la c\u00e9sure nous vous invitons \u00e0 consulter un <a href=\"https:\/\/amstelseine.com\/fr\/nouvelles\/mediation\/\">pr\u00e9c\u00e9dent article<\/a> paru sur ce site.<\/p>\n<h2>Conciliation<\/h2>\n<p>La conciliation est un mode amiable de r\u00e8glement de diff\u00e9rends sous la direction d\u2019un tiers, le conciliateur de justice.<\/p>\n<p>Les conciliateurs de justice sont inscrits sur une liste dans le ressort de la cour d\u2019appel dont ils rel\u00e8vent. Ils doivent avoir suivi une formation sp\u00e9cifique et pr\u00eatent serment devant la cour d\u2019appel. Ils sont d\u00e8s lors des acteurs du service public de la justice. Cette qualit\u00e9 constitue la principale distinction entre le conciliateur de justice et le m\u00e9diateur qui, lui, ne rel\u00e8ve pas d\u2019une juridiction.<\/p>\n<p>Le conciliateur peut \u00eatre saisi par les parties avant toute proc\u00e9dure (article 1536 du code de proc\u00e9dure civile \u00ab\u00a0CPC\u00a0\u00bb). Il peut \u00e9galement \u00eatre d\u00e9sign\u00e9 lorsque le juge saisi d\u00e9l\u00e8gue sa mission de conciliation des parties \u00e0 un conciliateur de justice (article 129 du CPC).<\/p>\n<p>Les parties doivent \u00eatre d\u2019accord sur la tentative de conciliation. Elle ne peut leur \u00eatre impos\u00e9e.<\/p>\n<p>Lorsque la conciliation aboutit \u00e0 un accord amiable, il peut \u00eatre \u00e9tabli un constat d\u2019accord. Ce constat est obligatoire si l\u2019une des parties renonce \u00e0 un droit \u00e0 la suite de la conciliation. Ce constat est envoy\u00e9 au greffe du tribunal judiciaire par le conciliateur de justice.<\/p>\n<p>L\u2019accord peut \u00eatre homologu\u00e9 par le juge pour obtenir la force ex\u00e9cutoire, ce qui peut dans certains cas faciliter la mise en \u0153uvre de l\u2019accord.<\/p>\n<p>Aux termes de l\u2019article 750-1 du CPC, les parties ont une obligation de tenter une m\u00e9diation, une conciliation, ou une proc\u00e9dure participative pour avoir acc\u00e8s au tribunal judicaire, pour les litiges avec un montant en jeu inf\u00e9rieur \u00e0 5.000 euros ou relatifs \u00e0 un conflit de voisinage.<\/p>\n<p>La conciliation peut donc jouer ce r\u00f4le, tout comme <a href=\"https:\/\/amstelseine.com\/fr\/nouvelles\/mediation\/\">la m\u00e9diation<\/a> et la proc\u00e9dure participative.<\/p>\n<h2>Proc\u00e9dure participative<\/h2>\n<p>A la diff\u00e9rence de la conciliation, la proc\u00e9dure participative n\u2019implique pas l\u2019intervention d\u2019un tiers\u00a0: seuls sont pr\u00e9sents les parties et leurs avocats.<\/p>\n<p>La proc\u00e9dure participative est r\u00e9gie par les articles 2062 \u00e0 2068 du Code civil, et les articles 1542 \u00e0 1564-7 du CPC. Une des particularit\u00e9s de la proc\u00e9dure participative est qu\u2019elle peut porter tant sur la recherche d\u2019une solution amiable que sur la mise en \u00e9tat d\u2019un litige. Les parties ont davantage la main dans la proc\u00e9dure participative que dans une proc\u00e9dure classique. Elle permet notamment aux parties de d\u00e9signer un technicien pour lui donner une mission qui sera utile \u00e0 la poursuite de la proc\u00e9dure ou aux n\u00e9gociations dans l\u2019optique d\u2019une r\u00e9solution amiable. Le technicien sera d\u00e9sign\u00e9 dans un document contresign\u00e9 par les avocats des parties. Le rapport du technicien aura la m\u00eame valeur que le rapport d\u2019un expert judiciaire.<\/p>\n<p>La proc\u00e9dure participative n\u00e9cessite que les parties consignent par \u00e9crit la dur\u00e9e de la proc\u00e9dure, son objet et les pi\u00e8ces et informations qui sont n\u00e9cessaires \u00e0 la r\u00e9solution du litige ou \u00e0 la mise en \u00e9tat, ainsi que les modalit\u00e9s de leur \u00e9change. Les parties sont obligatoirement accompagn\u00e9es par leurs avocats. La conclusion d\u2019un accord de proc\u00e9dure participative suspend le d\u00e9lai de prescription.<\/p>\n<p>La loi ne pr\u00e9voit pas que la proc\u00e9dure participative est confidentielle. Si les parties veulent assurer la confidentialit\u00e9 de leurs \u00e9changes, celle-ci devra donc \u00eatre convenue express\u00e9ment.<\/p>\n<p>Lorsque les parties parviennent \u00e0 un accord total ou partiel, cet accord doit \u00eatre constat\u00e9 dans un \u00e9crit contresign\u00e9 par les avocats des parties. Dans cet accord, il convient de pr\u00e9ciser de mani\u00e8re d\u00e9taill\u00e9e les \u00e9l\u00e9ments qui ont permis la conclusion de l\u2019accord.<\/p>\n<p>L\u2019accord issu de la proc\u00e9dure participative mettant un terme au litige peut \u00eatre homologu\u00e9 par le juge. Il faut joindre la convention de proc\u00e9dure participative \u00e0 la requ\u00eate aux fins d\u2019homologation.<\/p>\n<p>Comme il est indiqu\u00e9 plus haut, aux termes de l\u2019article 750-1 du CPC, les parties ont une obligation de tenter une m\u00e9diation, une conciliation, ou une proc\u00e9dure participative pour avoir acc\u00e8s au tribunal judicaire, pour les litiges avec un montant en jeu inf\u00e9rieur \u00e0 5.000 euros ou relatifs \u00e0 un conflit de voisinage.<\/p>\n<p>La proc\u00e9dure participative peut donc jouer ce r\u00f4le, tout comme la m\u00e9diation et la conciliation.<\/p>\n<h2>Audience de r\u00e8glement amiable<\/h2>\n<p>L\u2019audience de r\u00e8glement amiable est une innovation r\u00e9cente. Elle a \u00e9t\u00e9 introduite par le D\u00e9cret n\u00b0 2023-686 du 29 juillet 2023 portant mesures favorisant le r\u00e8glement amiable des litiges devant le tribunal judiciaire. Les dispositions au sujet de l\u2019audience de r\u00e8glement amiable sont codifi\u00e9es aux articles 774-1 \u00e0 774-4 du CPC.<\/p>\n<p>Devant le tribunal judiciaire, le juge peut d\u00e9sormais d\u00e9cider de renvoyer les parties \u00e0 une audience de r\u00e8glement amiable.<\/p>\n<p>Ce renvoi peut \u00eatre sollicit\u00e9 par les parties, mais le juge peut \u00e9galement le leur imposer, m\u00eame si les parties ne donnent pas leur accord. La loi pr\u00e9voit simplement que le juge doit recueillir l\u2019avis des parties sur un \u00e9ventuel renvoi \u00e0 l\u2019audience de r\u00e8glement amiable. Il n\u2019est pas oblig\u00e9 de suivre leur avis.<\/p>\n<p>L\u2019audience de r\u00e8glement amiable est tenue par un juge qui ne fait pas partie de la formation de jugement du tribunal. C\u2019est donc un juge qui n\u2019aura pas \u00e0 juger l\u2019affaire au fond.<\/p>\n<p>Cette audience est confidentielle\u00a0: elle n\u2019est pas accessible au public et m\u00eame le greffe n\u2019est pas pr\u00e9sent. Seuls sont pr\u00e9sents les parties, leurs avocats et le juge en charge de l\u2019audience de r\u00e8glement amiable. En principe, tout ce qui est dit ou \u00e9chang\u00e9 lors de cette audience est confidentiel et ne sera notamment pas communiqu\u00e9 aux juges qui devront trancher le litige en cas d\u2019\u00e9chec de la tentative amiable. Les parties peuvent n\u00e9anmoins se mettre d\u2019accord pour lever la confidentialit\u00e9. La confidentialit\u00e9 peut \u00e9galement \u00eatre lev\u00e9e lorsque la mise en \u0153uvre de l\u2019accord amiable qui est trouv\u00e9 n\u00e9cessite la divulgation d\u2019\u00e9l\u00e9ments confidentiels.<\/p>\n<p>Lors de l\u2019audience le juge essaie de trouver un accord amiable entre les parties, par la confrontation \u00e9quilibr\u00e9e de leurs points de vue et l\u2019\u00e9valuation de leurs besoins et int\u00e9r\u00eats. Le juge peut \u00e9galement expliquer les principes juridiques applicables au litige.<\/p>\n<p>L\u2019objectif est que les parties trouvent un accord amiable qui mette un terme \u00e0 la proc\u00e9dure en cours. Lorsque l\u2019audience de r\u00e8glement amiable aboutit \u00e0 un accord entre les parties, leur accord peut \u00eatre consign\u00e9 dans un proc\u00e8s-verbal qui peut \u00eatre communiqu\u00e9 par le juge en charge de l\u2019audience de r\u00e8glement amiable au juge saisi du litige. Un extrait du proc\u00e8s-verbal dress\u00e9 par le juge peut \u00eatre d\u00e9livr\u00e9 et vaut titre ex\u00e9cutoire.<\/p>\n<p>Paris, le 4 janvier 2024<\/p>\n<p><strong>Marinka SCHILLINGS<\/strong><br \/>\nAvocat au Barreau de Paris<br \/>\nAMSTEL &amp; SEINE Avocats<br \/>\nM\u00e9diateur agr\u00e9\u00e9 CMAP<br \/>\n<a href=\"mailto:marinka.schillings@amstelseine.com\">marinka.schillings@amstelseine.com<\/a><\/p>\n<p><strong>Thom VERKUILEN<\/strong><br \/>\nAvocat au Barreau de Paris<br \/>\nAMSTEL &amp; SEINE Avocats<br \/>\n<a href=\"mailto:thom.verkuilen@amstelseine.com\">thom.verkuilen@amstelseine.com<\/a><\/p>\n<p>Si vous avez des questions relatives aux modes alternatifs de r\u00e8glement de diff\u00e9rends en France, n\u2019h\u00e9sitez pas \u00e0 nous contacter par t\u00e9l\u00e9phone au +33 (0)1 85 09 34 80 ou par mail.<\/p>\n","protected":false},"excerpt":{"rendered":"<p>Modes alternatifs de r\u00e8glement de diff\u00e9rends autres que la m\u00e9diation\u00a0: conciliation, proc\u00e9dure participative, audience de r\u00e8glement amiable Les modes alternatifs de r\u00e8glement de diff\u00e9rends (\u00ab\u00a0MARD\u00a0\u00bb) connaissent un essor consid\u00e9rable en droit fran\u00e7ais. En 2023 le ministre de la Justice a insist\u00e9 sur la volont\u00e9 du pouvoir ex\u00e9cutif de promouvoir encore davantage le recours \u00e0 l\u2019amiable.\u00a0 [&hellip;]<\/p>\n","protected":false},"author":1,"featured_media":1067,"comment_status":"open","ping_status":"open","sticky":false,"template":"","format":"standard","meta":{"_acf_changed":false,"footnotes":""},"categories":[21],"tags":[],"class_list":["post-1101","post","type-post","status-publish","format-standard","has-post-thumbnail","hentry","category-nouvelles"],"acf":[],"yoast_head":"<!-- This site is optimized with the Yoast SEO plugin v27.5 - https:\/\/yoast.com\/product\/yoast-seo-wordpress\/ -->\n<title>Mediation partie 2 - Amstel &amp; Seine<\/title>\n<meta name=\"robots\" content=\"index, follow, max-snippet:-1, max-image-preview:large, max-video-preview:-1\" \/>\n<link rel=\"canonical\" href=\"https:\/\/amstelseine.com\/fr\/nouvelles\/mediation-partie-2\/\" \/>\n<meta property=\"og:locale\" content=\"fr_FR\" \/>\n<meta property=\"og:type\" content=\"article\" \/>\n<meta property=\"og:title\" content=\"Mediation partie 2 - Amstel &amp; Seine\" \/>\n<meta property=\"og:description\" content=\"Modes alternatifs de r\u00e8glement de diff\u00e9rends autres que la m\u00e9diation\u00a0: conciliation, proc\u00e9dure participative, audience de r\u00e8glement amiable Les modes alternatifs de r\u00e8glement de diff\u00e9rends (\u00ab\u00a0MARD\u00a0\u00bb) connaissent un essor consid\u00e9rable en droit fran\u00e7ais. En 2023 le ministre de la Justice a insist\u00e9 sur la volont\u00e9 du pouvoir ex\u00e9cutif de promouvoir encore davantage le recours \u00e0 l\u2019amiable.\u00a0 [&hellip;]\" \/>\n<meta property=\"og:url\" content=\"https:\/\/amstelseine.com\/fr\/nouvelles\/mediation-partie-2\/\" \/>\n<meta property=\"og:site_name\" content=\"Amstel &amp; Seine\" \/>\n<meta property=\"article:published_time\" content=\"2024-01-05T12:50:18+00:00\" \/>\n<meta property=\"og:image\" content=\"https:\/\/amstelseine.com\/wp-content\/uploads\/marinka-boek-amstel-seine-scaled.jpg\" \/>\n\t<meta property=\"og:image:width\" content=\"2560\" \/>\n\t<meta property=\"og:image:height\" content=\"1709\" \/>\n\t<meta property=\"og:image:type\" content=\"image\/jpeg\" \/>\n<meta name=\"author\" content=\"blitsadmin\" \/>\n<meta name=\"twitter:card\" content=\"summary_large_image\" \/>\n<meta name=\"twitter:label1\" content=\"\u00c9crit par\" \/>\n\t<meta name=\"twitter:data1\" content=\"blitsadmin\" \/>\n\t<meta name=\"twitter:label2\" content=\"Dur\u00e9e de lecture estim\u00e9e\" \/>\n\t<meta name=\"twitter:data2\" content=\"7 minutes\" \/>\n<script type=\"application\/ld+json\" class=\"yoast-schema-graph\">{\"@context\":\"https:\\\/\\\/schema.org\",\"@graph\":[{\"@type\":\"Article\",\"@id\":\"https:\\\/\\\/amstelseine.com\\\/fr\\\/nouvelles\\\/mediation-partie-2\\\/#article\",\"isPartOf\":{\"@id\":\"https:\\\/\\\/amstelseine.com\\\/fr\\\/nouvelles\\\/mediation-partie-2\\\/\"},\"author\":{\"name\":\"blitsadmin\",\"@id\":\"https:\\\/\\\/amstelseine.com\\\/fr\\\/#\\\/schema\\\/person\\\/4526e4e383137a36c49e3b4953955ff1\"},\"headline\":\"Mediation partie 2\",\"datePublished\":\"2024-01-05T12:50:18+00:00\",\"mainEntityOfPage\":{\"@id\":\"https:\\\/\\\/amstelseine.com\\\/fr\\\/nouvelles\\\/mediation-partie-2\\\/\"},\"wordCount\":1406,\"commentCount\":0,\"image\":{\"@id\":\"https:\\\/\\\/amstelseine.com\\\/fr\\\/nouvelles\\\/mediation-partie-2\\\/#primaryimage\"},\"thumbnailUrl\":\"https:\\\/\\\/amstelseine.com\\\/wp-content\\\/uploads\\\/marinka-boek-amstel-seine-scaled.jpg\",\"articleSection\":[\"Nouvelles\"],\"inLanguage\":\"fr-FR\",\"potentialAction\":[{\"@type\":\"CommentAction\",\"name\":\"Comment\",\"target\":[\"https:\\\/\\\/amstelseine.com\\\/fr\\\/nouvelles\\\/mediation-partie-2\\\/#respond\"]}]},{\"@type\":\"WebPage\",\"@id\":\"https:\\\/\\\/amstelseine.com\\\/fr\\\/nouvelles\\\/mediation-partie-2\\\/\",\"url\":\"https:\\\/\\\/amstelseine.com\\\/fr\\\/nouvelles\\\/mediation-partie-2\\\/\",\"name\":\"Mediation partie 2 - Amstel &amp; Seine\",\"isPartOf\":{\"@id\":\"https:\\\/\\\/amstelseine.com\\\/fr\\\/#website\"},\"primaryImageOfPage\":{\"@id\":\"https:\\\/\\\/amstelseine.com\\\/fr\\\/nouvelles\\\/mediation-partie-2\\\/#primaryimage\"},\"image\":{\"@id\":\"https:\\\/\\\/amstelseine.com\\\/fr\\\/nouvelles\\\/mediation-partie-2\\\/#primaryimage\"},\"thumbnailUrl\":\"https:\\\/\\\/amstelseine.com\\\/wp-content\\\/uploads\\\/marinka-boek-amstel-seine-scaled.jpg\",\"datePublished\":\"2024-01-05T12:50:18+00:00\",\"author\":{\"@id\":\"https:\\\/\\\/amstelseine.com\\\/fr\\\/#\\\/schema\\\/person\\\/4526e4e383137a36c49e3b4953955ff1\"},\"breadcrumb\":{\"@id\":\"https:\\\/\\\/amstelseine.com\\\/fr\\\/nouvelles\\\/mediation-partie-2\\\/#breadcrumb\"},\"inLanguage\":\"fr-FR\",\"potentialAction\":[{\"@type\":\"ReadAction\",\"target\":[\"https:\\\/\\\/amstelseine.com\\\/fr\\\/nouvelles\\\/mediation-partie-2\\\/\"]}]},{\"@type\":\"ImageObject\",\"inLanguage\":\"fr-FR\",\"@id\":\"https:\\\/\\\/amstelseine.com\\\/fr\\\/nouvelles\\\/mediation-partie-2\\\/#primaryimage\",\"url\":\"https:\\\/\\\/amstelseine.com\\\/wp-content\\\/uploads\\\/marinka-boek-amstel-seine-scaled.jpg\",\"contentUrl\":\"https:\\\/\\\/amstelseine.com\\\/wp-content\\\/uploads\\\/marinka-boek-amstel-seine-scaled.jpg\",\"width\":2560,\"height\":1709},{\"@type\":\"BreadcrumbList\",\"@id\":\"https:\\\/\\\/amstelseine.com\\\/fr\\\/nouvelles\\\/mediation-partie-2\\\/#breadcrumb\",\"itemListElement\":[{\"@type\":\"ListItem\",\"position\":1,\"name\":\"Home\",\"item\":\"https:\\\/\\\/amstelseine.com\\\/fr\\\/\"},{\"@type\":\"ListItem\",\"position\":2,\"name\":\"Nouvelles\",\"item\":\"https:\\\/\\\/amstelseine.com\\\/fr\\\/category\\\/nouvelles\\\/\"},{\"@type\":\"ListItem\",\"position\":3,\"name\":\"Mediation partie 2\"}]},{\"@type\":\"WebSite\",\"@id\":\"https:\\\/\\\/amstelseine.com\\\/fr\\\/#website\",\"url\":\"https:\\\/\\\/amstelseine.com\\\/fr\\\/\",\"name\":\"Amstel &amp; Seine\",\"description\":\"En nog een WordPress site\",\"potentialAction\":[{\"@type\":\"SearchAction\",\"target\":{\"@type\":\"EntryPoint\",\"urlTemplate\":\"https:\\\/\\\/amstelseine.com\\\/fr\\\/?s={search_term_string}\"},\"query-input\":{\"@type\":\"PropertyValueSpecification\",\"valueRequired\":true,\"valueName\":\"search_term_string\"}}],\"inLanguage\":\"fr-FR\"},{\"@type\":\"Person\",\"@id\":\"https:\\\/\\\/amstelseine.com\\\/fr\\\/#\\\/schema\\\/person\\\/4526e4e383137a36c49e3b4953955ff1\",\"name\":\"blitsadmin\",\"image\":{\"@type\":\"ImageObject\",\"inLanguage\":\"fr-FR\",\"@id\":\"https:\\\/\\\/secure.gravatar.com\\\/avatar\\\/8b8d7e89d701ae299b03f7525e60db626b1a8b81b8dc5886ff1194f284013c0b?s=96&d=mm&r=g\",\"url\":\"https:\\\/\\\/secure.gravatar.com\\\/avatar\\\/8b8d7e89d701ae299b03f7525e60db626b1a8b81b8dc5886ff1194f284013c0b?s=96&d=mm&r=g\",\"contentUrl\":\"https:\\\/\\\/secure.gravatar.com\\\/avatar\\\/8b8d7e89d701ae299b03f7525e60db626b1a8b81b8dc5886ff1194f284013c0b?s=96&d=mm&r=g\",\"caption\":\"blitsadmin\"},\"url\":\"https:\\\/\\\/amstelseine.com\\\/fr\\\/author\\\/blitsadmin\\\/\"}]}<\/script>\n<!-- \/ Yoast SEO plugin. -->","yoast_head_json":{"title":"Mediation partie 2 - Amstel &amp; Seine","robots":{"index":"index","follow":"follow","max-snippet":"max-snippet:-1","max-image-preview":"max-image-preview:large","max-video-preview":"max-video-preview:-1"},"canonical":"https:\/\/amstelseine.com\/fr\/nouvelles\/mediation-partie-2\/","og_locale":"fr_FR","og_type":"article","og_title":"Mediation partie 2 - Amstel &amp; Seine","og_description":"Modes alternatifs de r\u00e8glement de diff\u00e9rends autres que la m\u00e9diation\u00a0: conciliation, proc\u00e9dure participative, audience de r\u00e8glement amiable Les modes alternatifs de r\u00e8glement de diff\u00e9rends (\u00ab\u00a0MARD\u00a0\u00bb) connaissent un essor consid\u00e9rable en droit fran\u00e7ais. En 2023 le ministre de la Justice a insist\u00e9 sur la volont\u00e9 du pouvoir ex\u00e9cutif de promouvoir encore davantage le recours \u00e0 l\u2019amiable.\u00a0 [&hellip;]","og_url":"https:\/\/amstelseine.com\/fr\/nouvelles\/mediation-partie-2\/","og_site_name":"Amstel &amp; Seine","article_published_time":"2024-01-05T12:50:18+00:00","og_image":[{"width":2560,"height":1709,"url":"https:\/\/amstelseine.com\/wp-content\/uploads\/marinka-boek-amstel-seine-scaled.jpg","type":"image\/jpeg"}],"author":"blitsadmin","twitter_card":"summary_large_image","twitter_misc":{"\u00c9crit par":"blitsadmin","Dur\u00e9e de lecture estim\u00e9e":"7 minutes"},"schema":{"@context":"https:\/\/schema.org","@graph":[{"@type":"Article","@id":"https:\/\/amstelseine.com\/fr\/nouvelles\/mediation-partie-2\/#article","isPartOf":{"@id":"https:\/\/amstelseine.com\/fr\/nouvelles\/mediation-partie-2\/"},"author":{"name":"blitsadmin","@id":"https:\/\/amstelseine.com\/fr\/#\/schema\/person\/4526e4e383137a36c49e3b4953955ff1"},"headline":"Mediation partie 2","datePublished":"2024-01-05T12:50:18+00:00","mainEntityOfPage":{"@id":"https:\/\/amstelseine.com\/fr\/nouvelles\/mediation-partie-2\/"},"wordCount":1406,"commentCount":0,"image":{"@id":"https:\/\/amstelseine.com\/fr\/nouvelles\/mediation-partie-2\/#primaryimage"},"thumbnailUrl":"https:\/\/amstelseine.com\/wp-content\/uploads\/marinka-boek-amstel-seine-scaled.jpg","articleSection":["Nouvelles"],"inLanguage":"fr-FR","potentialAction":[{"@type":"CommentAction","name":"Comment","target":["https:\/\/amstelseine.com\/fr\/nouvelles\/mediation-partie-2\/#respond"]}]},{"@type":"WebPage","@id":"https:\/\/amstelseine.com\/fr\/nouvelles\/mediation-partie-2\/","url":"https:\/\/amstelseine.com\/fr\/nouvelles\/mediation-partie-2\/","name":"Mediation partie 2 - Amstel &amp; Seine","isPartOf":{"@id":"https:\/\/amstelseine.com\/fr\/#website"},"primaryImageOfPage":{"@id":"https:\/\/amstelseine.com\/fr\/nouvelles\/mediation-partie-2\/#primaryimage"},"image":{"@id":"https:\/\/amstelseine.com\/fr\/nouvelles\/mediation-partie-2\/#primaryimage"},"thumbnailUrl":"https:\/\/amstelseine.com\/wp-content\/uploads\/marinka-boek-amstel-seine-scaled.jpg","datePublished":"2024-01-05T12:50:18+00:00","author":{"@id":"https:\/\/amstelseine.com\/fr\/#\/schema\/person\/4526e4e383137a36c49e3b4953955ff1"},"breadcrumb":{"@id":"https:\/\/amstelseine.com\/fr\/nouvelles\/mediation-partie-2\/#breadcrumb"},"inLanguage":"fr-FR","potentialAction":[{"@type":"ReadAction","target":["https:\/\/amstelseine.com\/fr\/nouvelles\/mediation-partie-2\/"]}]},{"@type":"ImageObject","inLanguage":"fr-FR","@id":"https:\/\/amstelseine.com\/fr\/nouvelles\/mediation-partie-2\/#primaryimage","url":"https:\/\/amstelseine.com\/wp-content\/uploads\/marinka-boek-amstel-seine-scaled.jpg","contentUrl":"https:\/\/amstelseine.com\/wp-content\/uploads\/marinka-boek-amstel-seine-scaled.jpg","width":2560,"height":1709},{"@type":"BreadcrumbList","@id":"https:\/\/amstelseine.com\/fr\/nouvelles\/mediation-partie-2\/#breadcrumb","itemListElement":[{"@type":"ListItem","position":1,"name":"Home","item":"https:\/\/amstelseine.com\/fr\/"},{"@type":"ListItem","position":2,"name":"Nouvelles","item":"https:\/\/amstelseine.com\/fr\/category\/nouvelles\/"},{"@type":"ListItem","position":3,"name":"Mediation partie 2"}]},{"@type":"WebSite","@id":"https:\/\/amstelseine.com\/fr\/#website","url":"https:\/\/amstelseine.com\/fr\/","name":"Amstel &amp; Seine","description":"En nog een WordPress site","potentialAction":[{"@type":"SearchAction","target":{"@type":"EntryPoint","urlTemplate":"https:\/\/amstelseine.com\/fr\/?s={search_term_string}"},"query-input":{"@type":"PropertyValueSpecification","valueRequired":true,"valueName":"search_term_string"}}],"inLanguage":"fr-FR"},{"@type":"Person","@id":"https:\/\/amstelseine.com\/fr\/#\/schema\/person\/4526e4e383137a36c49e3b4953955ff1","name":"blitsadmin","image":{"@type":"ImageObject","inLanguage":"fr-FR","@id":"https:\/\/secure.gravatar.com\/avatar\/8b8d7e89d701ae299b03f7525e60db626b1a8b81b8dc5886ff1194f284013c0b?s=96&d=mm&r=g","url":"https:\/\/secure.gravatar.com\/avatar\/8b8d7e89d701ae299b03f7525e60db626b1a8b81b8dc5886ff1194f284013c0b?s=96&d=mm&r=g","contentUrl":"https:\/\/secure.gravatar.com\/avatar\/8b8d7e89d701ae299b03f7525e60db626b1a8b81b8dc5886ff1194f284013c0b?s=96&d=mm&r=g","caption":"blitsadmin"},"url":"https:\/\/amstelseine.com\/fr\/author\/blitsadmin\/"}]}},"_links":{"self":[{"href":"https:\/\/amstelseine.com\/fr\/wp-json\/wp\/v2\/posts\/1101","targetHints":{"allow":["GET"]}}],"collection":[{"href":"https:\/\/amstelseine.com\/fr\/wp-json\/wp\/v2\/posts"}],"about":[{"href":"https:\/\/amstelseine.com\/fr\/wp-json\/wp\/v2\/types\/post"}],"author":[{"embeddable":true,"href":"https:\/\/amstelseine.com\/fr\/wp-json\/wp\/v2\/users\/1"}],"replies":[{"embeddable":true,"href":"https:\/\/amstelseine.com\/fr\/wp-json\/wp\/v2\/comments?post=1101"}],"version-history":[{"count":5,"href":"https:\/\/amstelseine.com\/fr\/wp-json\/wp\/v2\/posts\/1101\/revisions"}],"predecessor-version":[{"id":1106,"href":"https:\/\/amstelseine.com\/fr\/wp-json\/wp\/v2\/posts\/1101\/revisions\/1106"}],"wp:featuredmedia":[{"embeddable":true,"href":"https:\/\/amstelseine.com\/fr\/wp-json\/wp\/v2\/media\/1067"}],"wp:attachment":[{"href":"https:\/\/amstelseine.com\/fr\/wp-json\/wp\/v2\/media?parent=1101"}],"wp:term":[{"taxonomy":"category","embeddable":true,"href":"https:\/\/amstelseine.com\/fr\/wp-json\/wp\/v2\/categories?post=1101"},{"taxonomy":"post_tag","embeddable":true,"href":"https:\/\/amstelseine.com\/fr\/wp-json\/wp\/v2\/tags?post=1101"}],"curies":[{"name":"wp","href":"https:\/\/api.w.org\/{rel}","templated":true}]}}